{"id":3009,"date":"2021-04-28T12:43:22","date_gmt":"2021-04-28T12:43:22","guid":{"rendered":"https:\/\/edi.ag\/?p=3009"},"modified":"2021-05-07T08:52:53","modified_gmt":"2021-05-07T08:52:53","slug":"logisch-logistik","status":"publish","type":"post","link":"https:\/\/edi.ag\/fr\/logisch-logistik\/","title":{"rendered":"Logique : logistique."},"content":{"rendered":"<p>Alain Kolly est notre planificateur logistique et explique comment il organise les voyages et traite les commandes des clients. Il explique \u00e9galement dans quels cas il est possible de s\u2019y prendre \u00e0 l\u2019avance  et o\u00f9 ce n'est pas possible.&nbsp;<\/p>\n\n\n\n<p><em>\u00abIci, sur notre outil de r\u00e9partition, nous voyons les d\u00e9placements pr\u00e9vus pour la semaine suivante. Notre flotte compte plus de 30 camions de 32 et 40 tonnes, qui circulent non seulement entre nos sites d'exploitation de Lyss, Interlaken, Spiez, Heimberg, M\u00fcnchenwiler et Cressier. Nous traitons \u00e9galement les commandes des clients sur d'autres sites. Il peut s'agir de commandes r\u00e9currentes, mais aussi de commandes ponctuelles, comme des travaux de d\u00e9molition pour l'enl\u00e8vement de d\u00e9chets de construction.\u00bb<\/em><\/p>\n\n\n\n<figure class=\"wp-block-gallery columns-2 wp-block-gallery-1 is-layout-flex wp-block-gallery-is-layout-flex\"><ul class=\"blocks-gallery-grid\"><li class=\"blocks-gallery-item\"><figure><img fetchpriority=\"high\" decoding=\"async\" width=\"1024\" height=\"1024\" src=\"https:\/\/edi.ag\/wp-content\/uploads\/2021\/04\/Alain_Dispo-1-1024x1024.jpg\" alt=\"\" data-id=\"3019\" data-link=\"https:\/\/edi.ag\/?attachment_id=3019\" class=\"wp-image-3019\" srcset=\"https:\/\/edi.ag\/wp-content\/uploads\/2021\/04\/Alain_Dispo-1.jpg 1024w, https:\/\/edi.ag\/wp-content\/uploads\/2021\/04\/Alain_Dispo-1-300x300.jpg 300w, https:\/\/edi.ag\/wp-content\/uploads\/2021\/04\/Alain_Dispo-1-150x150.jpg 150w, https:\/\/edi.ag\/wp-content\/uploads\/2021\/04\/Alain_Dispo-1-768x768.jpg 768w, https:\/\/edi.ag\/wp-content\/uploads\/2021\/04\/Alain_Dispo-1-12x12.jpg 12w\" sizes=\"(max-width: 1024px) 100vw, 1024px\" \/><\/figure><\/li><li class=\"blocks-gallery-item\"><figure><img decoding=\"async\" width=\"765\" height=\"600\" src=\"https:\/\/edi.ag\/wp-content\/uploads\/2021\/04\/Camion_Ablad.jpg\" alt=\"\" data-id=\"3024\" data-full-url=\"https:\/\/edi.ag\/wp-content\/uploads\/2021\/04\/Camion_Ablad.jpg\" data-link=\"https:\/\/edi.ag\/logisch-logistik\/camion_ablad\/\" class=\"wp-image-3024\" srcset=\"https:\/\/edi.ag\/wp-content\/uploads\/2021\/04\/Camion_Ablad.jpg 765w, https:\/\/edi.ag\/wp-content\/uploads\/2021\/04\/Camion_Ablad-300x235.jpg 300w, https:\/\/edi.ag\/wp-content\/uploads\/2021\/04\/Camion_Ablad-16x12.jpg 16w\" sizes=\"(max-width: 765px) 100vw, 765px\" \/><\/figure><\/li><\/ul><\/figure>\n\n\n\n<p>Gr\u00e2ce au syst\u00e8me de cartographie num\u00e9rique de Scania, Alain peut voir en temps r\u00e9el o\u00f9 se trouvent les chauffeurs, quelle est la situation du trafic et bien plus encore :&nbsp;<em>\u00abIl fonctionne par satellite. Chaque v\u00e9hicule dispose d'un \u00e9metteur. Je peux donc voir o\u00f9 se trouve le conducteur et o\u00f9 il est all\u00e9. Je vois \u00e9galement des donn\u00e9es telles que le remplissage de gazole ou la vitesse moyenne. Lorsque les choses deviennent vraiment agit\u00e9es, je peux mieux estimer ce qui peut \u00eatre fait dans un avenir pr\u00e9visible pour un nouvel emploi. Chaque chauffeur sait que je peux le voir. Ces donn\u00e9es sur le conducteur ne sont pas utilis\u00e9es pour le contr\u00f4le personnel, mais pour la gestion du temps et l'entretien du v\u00e9hicule. Donc s'il y a un service \u00e0 venir, je le vois aussi.\u00bb<\/em><\/p>\n\n\n\n<p>A partir de l\u00e0, il peut estimer la dur\u00e9e d'un aller-retour et ainsi communiquer au client le temps d'ex\u00e9cution le plus pr\u00e9cis possible. Le temps dont un chauffeur a besoin pour le chargement ou le d\u00e9chargement doit \u00e9galement \u00eatre pris en compte, de m\u00eame que le nombre de cartons apport\u00e9s dans les deux sens. Les voyages sont distribu\u00e9s quotidiennement au moyen de formulaires contenant les d\u00e9tails de la commande du client. Le soir, les formulaires de commande sont contr\u00f4l\u00e9s, v\u00e9rifi\u00e9s et class\u00e9s pour la suite du traitement administratif. Au fait, un chauffeur ne se contente pas de s'asseoir derri\u00e8re le volant et de conduire. Il doit plut\u00f4t v\u00e9rifier les marchandises livr\u00e9es ou collect\u00e9es, les enregistrer sur un rapport et parfois les charger avec une grue.&nbsp;<\/p>\n\n\n\n<figure class=\"wp-block-gallery columns-2 wp-block-gallery-2 is-layout-flex wp-block-gallery-is-layout-flex\"><ul class=\"blocks-gallery-grid\"><li class=\"blocks-gallery-item\"><figure><img decoding=\"async\" width=\"1024\" height=\"1024\" src=\"https:\/\/edi.ag\/wp-content\/uploads\/2021\/04\/Ablad_1-1-1024x1024.jpg\" alt=\"\" data-id=\"3014\" data-link=\"https:\/\/edi.ag\/?attachment_id=3014\" class=\"wp-image-3014\" srcset=\"https:\/\/edi.ag\/wp-content\/uploads\/2021\/04\/Ablad_1-1.jpg 1024w, https:\/\/edi.ag\/wp-content\/uploads\/2021\/04\/Ablad_1-1-300x300.jpg 300w, https:\/\/edi.ag\/wp-content\/uploads\/2021\/04\/Ablad_1-1-150x150.jpg 150w, https:\/\/edi.ag\/wp-content\/uploads\/2021\/04\/Ablad_1-1-768x768.jpg 768w, https:\/\/edi.ag\/wp-content\/uploads\/2021\/04\/Ablad_1-1-12x12.jpg 12w\" sizes=\"(max-width: 1024px) 100vw, 1024px\" \/><\/figure><\/li><li class=\"blocks-gallery-item\"><figure><img loading=\"lazy\" decoding=\"async\" width=\"1024\" height=\"1024\" src=\"https:\/\/edi.ag\/wp-content\/uploads\/2021\/04\/Alaind_Dispo-1-1024x1024.jpg\" alt=\"\" data-id=\"3015\" data-full-url=\"https:\/\/edi.ag\/wp-content\/uploads\/2021\/04\/Alaind_Dispo-1.jpg\" data-link=\"https:\/\/edi.ag\/?attachment_id=3015\" class=\"wp-image-3015\" srcset=\"https:\/\/edi.ag\/wp-content\/uploads\/2021\/04\/Alaind_Dispo-1.jpg 1024w, https:\/\/edi.ag\/wp-content\/uploads\/2021\/04\/Alaind_Dispo-1-300x300.jpg 300w, https:\/\/edi.ag\/wp-content\/uploads\/2021\/04\/Alaind_Dispo-1-150x150.jpg 150w, https:\/\/edi.ag\/wp-content\/uploads\/2021\/04\/Alaind_Dispo-1-768x768.jpg 768w, https:\/\/edi.ag\/wp-content\/uploads\/2021\/04\/Alaind_Dispo-1-12x12.jpg 12w\" sizes=\"(max-width: 1024px) 100vw, 1024px\" \/><\/figure><\/li><\/ul><\/figure>\n\n\n\n<p>Lorsqu'Alain re\u00e7oit une commande, par exemple pour le transport de fer l\u00e9ger, il doit \u00eatre en mesure de d\u00e9terminer aussi pr\u00e9cis\u00e9ment que possible la taille du camion en fonction des sp\u00e9cifications du client. Il sait \u00e9galement aupr\u00e8s de quelle entreprise nous devons r\u00e9cup\u00e9rer les mat\u00e9riaux de recyclage. Les trajets \u00e0 moiti\u00e9 vides, les bennes trop peu nombreuses, trop petites ou trop grandes ne sont logiquement pas utiles. Alain explique :&nbsp;<em>\u00abJe peux envoyer un camion charg\u00e9 d'ici \u00e0 une aci\u00e9rie pour qu'elle le fasse basculer, afin qu'il puisse charger des mat\u00e9riaux dans l'une de nos usines sur le chemin du retour et nous les apporter.\u00bb<\/em>&nbsp;Pour les commandes r\u00e9currentes, le chauffeur peut souvent d\u00e9cider lui-m\u00eame de la quantit\u00e9 ou de la taille des conteneurs ou des bo\u00eetes - ou doit estimer le volume le plus pr\u00e9cis\u00e9ment possible. Si n\u00e9cessaire, il laisse un conteneur vide au client et le r\u00e9cup\u00e8re rempli. Ou bien il vide le conteneur du client sur place avec la grue qui se trouve sur le camion. Ce service est \u00e9galement possible chez nous. Dans le cas de travaux de d\u00e9molition ou de d\u00e9gagements spontan\u00e9s, l'improvisation d'Alain est \u00e9galement de mise :&nbsp;<em>\u00abSi les travaux de d\u00e9molition avancent plus vite que pr\u00e9vu, nous devons \u00e9galement \u00eatre sur place plus rapidement. Mais il se peut aussi que des particuliers veuillent nettoyer leur maison avec beaucoup de verve - un coup de fil le vendredi pour le week-end de nettoyage suffit, et la benne arrive.\u00bb&nbsp;<\/em><\/p>","protected":false},"excerpt":{"rendered":"<p>Vous \u00eates-vous d\u00e9j\u00e0 demand\u00e9 comment nos camions sont dirig\u00e9s entre A et B ? Afin de travailler le plus efficacement possible, sans trajets \u00e0 vide ni d\u00e9tours, c\u2019est gr\u00e2ce \u00e0 un syst\u00e8me sophistiqu\u00e9 de planification logistique.<\/p>","protected":false},"author":1,"featured_media":3010,"comment_status":"open","ping_status":"closed","sticky":false,"template":"","format":"standard","meta":{"_acf_changed":false,"footnotes":""},"categories":[49,31,25,54],"tags":[52,50,51,53],"class_list":["post-3009","post","type-post","status-publish","format-standard","has-post-thumbnail","hentry","category-logistik","category-kundenservice","category-mitarbeitende","category-transport","tag-disposition","tag-logistik","tag-mitarbeiter","tag-transport"],"acf":[],"_links":{"self":[{"href":"https:\/\/edi.ag\/fr\/wp-json\/wp\/v2\/posts\/3009","targetHints":{"allow":["GET"]}}],"collection":[{"href":"https:\/\/edi.ag\/fr\/wp-json\/wp\/v2\/posts"}],"about":[{"href":"https:\/\/edi.ag\/fr\/wp-json\/wp\/v2\/types\/post"}],"author":[{"embeddable":true,"href":"https:\/\/edi.ag\/fr\/wp-json\/wp\/v2\/users\/1"}],"replies":[{"embeddable":true,"href":"https:\/\/edi.ag\/fr\/wp-json\/wp\/v2\/comments?post=3009"}],"version-history":[{"count":5,"href":"https:\/\/edi.ag\/fr\/wp-json\/wp\/v2\/posts\/3009\/revisions"}],"predecessor-version":[{"id":3045,"href":"https:\/\/edi.ag\/fr\/wp-json\/wp\/v2\/posts\/3009\/revisions\/3045"}],"wp:featuredmedia":[{"embeddable":true,"href":"https:\/\/edi.ag\/fr\/wp-json\/wp\/v2\/media\/3010"}],"wp:attachment":[{"href":"https:\/\/edi.ag\/fr\/wp-json\/wp\/v2\/media?parent=3009"}],"wp:term":[{"taxonomy":"category","embeddable":true,"href":"https:\/\/edi.ag\/fr\/wp-json\/wp\/v2\/categories?post=3009"},{"taxonomy":"post_tag","embeddable":true,"href":"https:\/\/edi.ag\/fr\/wp-json\/wp\/v2\/tags?post=3009"}],"curies":[{"name":"wp","href":"https:\/\/api.w.org\/{rel}","templated":true}]}}