{"id":4120,"date":"2022-07-27T12:26:49","date_gmt":"2022-07-27T12:26:49","guid":{"rendered":"https:\/\/edi.ag\/?p=4120"},"modified":"2022-08-12T08:40:14","modified_gmt":"2022-08-12T08:40:14","slug":"nachwuchs-braucht-das-recycling%ef%bf%bc","status":"publish","type":"post","link":"https:\/\/edi.ag\/fr\/nachwuchs-braucht-das-recycling%ef%bf%bc\/","title":{"rendered":"Nachwuchs braucht das Recycling!"},"content":{"rendered":"<p><strong><em>Es ist eine nackte Tatsache, dass es auf dem nationalen Berufsmarkt an Nachwuchs fehlt \u2013 mehr als 17\u2019000 Lehrstellen sind f\u00fcr 2022 und 2023 unbesetzt. Auch wir m\u00f6chten in unserer Gruppe an sieben Standorten unseren Beitrag dazu leisten, dass sich Lehrer, Eltern und Sch\u00fcler mit dem Nachwuchsmangel enger befassen \u2013 in unserem T\u00e4tigkeitgebiet des Recyclings werfen wir ein besonderes Augenmerk auf das Eidgen\u00f6ssische F\u00e4higkeitszeugnis zum Recyclisten und der Ausbildung bis dahin.\u00a0Auch Tele B\u00e4rn hat dar\u00fcber berichtet, mit einem\u00a0<a href=\"https:\/\/tv.telebaern.tv\/tele-barn-news\/zahlreiche-efz-lehrstellen-noch-unbesetzt-146743841?utm_source=shared-email&amp;utm_medium=shared&amp;utm_campaign=Social%20Media\" target=\"_blank\" rel=\"noreferrer noopener\">Klick gehts zum Beitrag<\/a>.<\/em><\/strong><\/p>\n\n\n\n<p>Neben der sinnstiftenden Arbeit f\u00fcr eine saubere Umwelt, Abfall in wertvolle Sekund\u00e4rrohstoffe umzuwandeln, die wieder in den Kreislauf kommen, ist bei uns vor allem die Bandbreite der Entsorgung einzigartig. Die Lernenden lernen die gesamte Palette an Recyclingmaterialien kennen und sind dadurch in die verschiedensten Verarbeitungsprozesse involviert, lernen diverse High Tech Maschinen kennen und sind in der Gewinnung von reinen Sekund\u00e4rrohstoffen direkt eingebunden. Das macht den Beruf so vielf\u00e4ltig und wertvoll \u2013 und das wollen wir zeigen.<\/p>\n\n\n\n<p>Neben unserem&nbsp;<a href=\"https:\/\/edi.ag\/fr\/er-gibt-den-lernenden-eine-stimme-jerome-puerro%EF%BF%BC\/\">Berufsausbilder J\u00e9r\u00f4me P\u00fcrro<\/a>, der sich sehr stark im Ausbildungswesen engagiert, sind die praktischen Lehrmeister in den jeweiligen Betrieben f\u00fcr die Lernenden da \u2013 auch f\u00fcr jene, die gerne schnuppern m\u00f6chten.&nbsp;J\u00e9r\u00f4me P\u00fcrro spricht aus Erfahrung als gelernter Recyclist EFZ:&nbsp;<em>\u00abWenn jemand Interesse hat an Maschinen, kann er diese auch ausleben. Zwischen August und Januar kann ein Lehrling den Stapler, den Seitenstapler und die \u201aAmeise\u2019, den elektrischen Paletten-Trolley lernen. Ein Jahr sp\u00e4ter kommt der Ausweis f\u00fcr die Hebeb\u00fchne hinzu. Es sind anerkannte Ausweise, die auch in anderen Berufen g\u00fcltig sind. Je nach Kanton darf ein Lehrling auch direkt ohne Ausweis auf den Bagger.\u00bb<\/em><\/p>\n\n\n\n<figure class=\"wp-block-gallery has-nested-images columns-default is-cropped wp-block-gallery-1 is-layout-flex wp-block-gallery-is-layout-flex\">\n<figure class=\"wp-block-image size-large\"><img fetchpriority=\"high\" decoding=\"async\" width=\"2560\" height=\"2560\" data-id=\"4025\" src=\"https:\/\/edi.ag\/wp-content\/uploads\/2022\/05\/Jerome_Giorgia-scaled.jpg\" alt=\"\" class=\"wp-image-4025\" srcset=\"https:\/\/edi.ag\/wp-content\/uploads\/2022\/05\/Jerome_Giorgia-scaled.jpg 2560w, https:\/\/edi.ag\/wp-content\/uploads\/2022\/05\/Jerome_Giorgia-300x300.jpg 300w, https:\/\/edi.ag\/wp-content\/uploads\/2022\/05\/Jerome_Giorgia-1024x1024.jpg 1024w, https:\/\/edi.ag\/wp-content\/uploads\/2022\/05\/Jerome_Giorgia-150x150.jpg 150w, https:\/\/edi.ag\/wp-content\/uploads\/2022\/05\/Jerome_Giorgia-768x768.jpg 768w, https:\/\/edi.ag\/wp-content\/uploads\/2022\/05\/Jerome_Giorgia-1536x1536.jpg 1536w, https:\/\/edi.ag\/wp-content\/uploads\/2022\/05\/Jerome_Giorgia-2048x2048.jpg 2048w\" sizes=\"(max-width: 2560px) 100vw, 2560px\" \/><figcaption>Georgia, w\u00e4hrend ihrem 1. Lehrjahr mit J\u00e9r\u00f4me P\u00fcrro &#8211;<br> unserem Ausbildungsleiter<\/figcaption><\/figure>\n\n\n\n<figure class=\"wp-block-image size-large\"><img decoding=\"async\" width=\"2560\" height=\"2560\" data-id=\"4008\" src=\"https:\/\/edi.ag\/wp-content\/uploads\/2022\/04\/Nicolas_Portraet_Stappler-scaled.jpg\" alt=\"\" class=\"wp-image-4008\" srcset=\"https:\/\/edi.ag\/wp-content\/uploads\/2022\/04\/Nicolas_Portraet_Stappler-scaled.jpg 2560w, https:\/\/edi.ag\/wp-content\/uploads\/2022\/04\/Nicolas_Portraet_Stappler-300x300.jpg 300w, https:\/\/edi.ag\/wp-content\/uploads\/2022\/04\/Nicolas_Portraet_Stappler-1024x1024.jpg 1024w, https:\/\/edi.ag\/wp-content\/uploads\/2022\/04\/Nicolas_Portraet_Stappler-150x150.jpg 150w, https:\/\/edi.ag\/wp-content\/uploads\/2022\/04\/Nicolas_Portraet_Stappler-768x768.jpg 768w, https:\/\/edi.ag\/wp-content\/uploads\/2022\/04\/Nicolas_Portraet_Stappler-1536x1536.jpg 1536w, https:\/\/edi.ag\/wp-content\/uploads\/2022\/04\/Nicolas_Portraet_Stappler-2048x2048.jpg 2048w\" sizes=\"(max-width: 2560px) 100vw, 2560px\" \/><figcaption>Nicolas Zurbuchen, im 1. Lehrjahr, Fr\u00fchling 2022<\/figcaption><\/figure>\n\n\n\n<figure class=\"wp-block-image size-large\"><img decoding=\"async\" width=\"480\" height=\"640\" data-id=\"4121\" src=\"https:\/\/edi.ag\/wp-content\/uploads\/2022\/07\/Nic_Bagger-rotated.jpg\" alt=\"\" class=\"wp-image-4121\" srcset=\"https:\/\/edi.ag\/wp-content\/uploads\/2022\/07\/Nic_Bagger-rotated.jpg 480w, https:\/\/edi.ag\/wp-content\/uploads\/2022\/07\/Nic_Bagger-225x300.jpg 225w, https:\/\/edi.ag\/wp-content\/uploads\/2022\/07\/Nic_Bagger-9x12.jpg 9w\" sizes=\"(max-width: 480px) 100vw, 480px\" \/><figcaption>Nicolas Zurbuchen, vor dem 2. Lehrjahr, Sommer 2022<\/figcaption><\/figure>\n<\/figure>\n\n\n\n<p>Stichworte wie Arbeitssicherheit, die Materialkunde, der Klimagedanke, aber auch die Freude an Maschinen und das Arbeiten im Freien motivieren einen Auszubildenden \u2013 und das wollen wir zeigen. So&nbsp;<a href=\"https:\/\/edi.ag\/fr\/den-lernenden-eine-stimme-geben-heute-mit-nicolas-zurbuchen\/\">im Alltag von Nicolas Zurbuchen.<\/a>&nbsp;Er hat soeben sein erstes Lehrjahr erfolgreich beendet. Er wird euch seine Stationen aufzeigen und ebenso einen Ausblick aufs 2. Lehrjahr geben.&nbsp;<\/p>\n\n\n\n<p>Was w\u00fcrde er als Influencer sagen, um mehr junge Menschen zu motivieren, Recyclist zu werden:&nbsp;<em>\u00abEs ist ein Beruf mit Zukunft \u2013 es gibt ja immer mehr Abfall und Sorten von Abfall.\u00bb<\/em>&nbsp;Nicolas hat 13 Schnupperlehren gemacht. Seine Entscheidung, Recyclist zu werden, ist wohl gepr\u00fcft und ein Gl\u00fcck f\u00fcr uns:&nbsp;<em>\u00abWir sind viel draussen, es ist sehr abwechslungsreich, bekommen jeden Tag etwas anderes zu sehen und wir haben viel mit Maschinen zu tun.\u00bb<\/em><\/p>\n\n\n\n<p>Jetzt r\u00fcckt der Moment n\u00e4her, dass sich Lehrer, Eltern und Sch\u00fcler auf Bewerbungen und Schnupperlehren vorbereiten. Wir leisten unseren Beitrag dazu, dass sie und ihr alle einen sinn- und anspruchsvollen Beruf kennenlernt \u2013 und das wollen wir zeigen, in einer <strong><a href=\"https:\/\/www.youtube.com\/watch?v=1eA6Vf0D-xw&amp;list=PLtufOm_6yDiI_BhehFKwaZV2dlSfCs_vJ\" target=\"_blank\" rel=\"noopener\">Playlist<\/a><\/strong> und auf unseren social media. Im besten Fall gewinnen wir viel Nachwuchs im Recycling f\u00fcr eine bessere Umwelt &#8211; die eben auch diesem Nachwuchs eine optimistischere Zukunft erm\u00f6glicht.&nbsp;<\/p>\n\n\n\n<p>PS: Das Bewerben f\u00fcr Lehrstellen und Schnupperlehren machen wir euch leicht:<\/p>\n\n\n\n<figure class=\"wp-block-image aligncenter size-large\"><img loading=\"lazy\" decoding=\"async\" width=\"1024\" height=\"1024\" src=\"https:\/\/edi.ag\/wp-content\/uploads\/2022\/07\/websiteplanet-qr-2-1024x1024.jpeg\" alt=\"\" class=\"wp-image-4126\" srcset=\"https:\/\/edi.ag\/wp-content\/uploads\/2022\/07\/websiteplanet-qr-2-1024x1024.jpeg 1024w, https:\/\/edi.ag\/wp-content\/uploads\/2022\/07\/websiteplanet-qr-2-300x300.jpeg 300w, https:\/\/edi.ag\/wp-content\/uploads\/2022\/07\/websiteplanet-qr-2-150x150.jpeg 150w, https:\/\/edi.ag\/wp-content\/uploads\/2022\/07\/websiteplanet-qr-2-768x768.jpeg 768w, https:\/\/edi.ag\/wp-content\/uploads\/2022\/07\/websiteplanet-qr-2-1536x1536.jpeg 1536w, https:\/\/edi.ag\/wp-content\/uploads\/2022\/07\/websiteplanet-qr-2-2048x2048.jpeg 2048w, https:\/\/edi.ag\/wp-content\/uploads\/2022\/07\/websiteplanet-qr-2-12x12.jpeg 12w\" sizes=\"(max-width: 1024px) 100vw, 1024px\" \/><figcaption><strong><mark style=\"background-color:rgba(0, 0, 0, 0);color:#23a625\" class=\"has-inline-color\">Wir suchen Dich!<\/mark><\/strong><\/figcaption><\/figure>","protected":false},"excerpt":{"rendered":"<p>Wir suchen Euch! Recyclist ist ein abwechslungsreicher, sinnvoller und intelligenter Beruf f\u00fcr eine saubere Umwelt, in der wertvolle Sekund\u00e4r-Rohstoffe zur\u00fcckgewonnen werden. Das Gute daran: Bei uns lernst du praktisch alle Recyclingmaterialien kennen, weil unsere Gruppe von A wie Alu bis Z wie Zink alles verarbeiten kann.<\/p>","protected":false},"author":1,"featured_media":4118,"comment_status":"closed","ping_status":"closed","sticky":false,"template":"","format":"standard","meta":{"_acf_changed":false,"footnotes":""},"categories":[40,71],"tags":[77,76,67,70],"class_list":["post-4120","post","type-post","status-publish","format-standard","has-post-thumbnail","hentry","category-lehrbetrieb","category-ausbildung","tag-r-suisse-ch","tag-swissrecycling-ch","tag-recyclist-berufsbildung-www-recyclist-ch","tag-recyclist-efz"],"acf":[],"_links":{"self":[{"href":"https:\/\/edi.ag\/fr\/wp-json\/wp\/v2\/posts\/4120","targetHints":{"allow":["GET"]}}],"collection":[{"href":"https:\/\/edi.ag\/fr\/wp-json\/wp\/v2\/posts"}],"about":[{"href":"https:\/\/edi.ag\/fr\/wp-json\/wp\/v2\/types\/post"}],"author":[{"embeddable":true,"href":"https:\/\/edi.ag\/fr\/wp-json\/wp\/v2\/users\/1"}],"replies":[{"embeddable":true,"href":"https:\/\/edi.ag\/fr\/wp-json\/wp\/v2\/comments?post=4120"}],"version-history":[{"count":8,"href":"https:\/\/edi.ag\/fr\/wp-json\/wp\/v2\/posts\/4120\/revisions"}],"predecessor-version":[{"id":4141,"href":"https:\/\/edi.ag\/fr\/wp-json\/wp\/v2\/posts\/4120\/revisions\/4141"}],"wp:featuredmedia":[{"embeddable":true,"href":"https:\/\/edi.ag\/fr\/wp-json\/wp\/v2\/media\/4118"}],"wp:attachment":[{"href":"https:\/\/edi.ag\/fr\/wp-json\/wp\/v2\/media?parent=4120"}],"wp:term":[{"taxonomy":"category","embeddable":true,"href":"https:\/\/edi.ag\/fr\/wp-json\/wp\/v2\/categories?post=4120"},{"taxonomy":"post_tag","embeddable":true,"href":"https:\/\/edi.ag\/fr\/wp-json\/wp\/v2\/tags?post=4120"}],"curies":[{"name":"wp","href":"https:\/\/api.w.org\/{rel}","templated":true}]}}